{"id":430,"date":"2012-10-28T19:45:12","date_gmt":"2012-10-28T19:45:12","guid":{"rendered":"http:\/\/www.pa-do.de\/blog\/?p=430"},"modified":"2020-10-11T18:16:53","modified_gmt":"2020-10-11T18:16:53","slug":"welchen-sattelgurt-fur-meinen-fellsattel","status":"publish","type":"post","link":"https:\/\/www.pa-do.de\/blog\/welchen-sattelgurt-fur-meinen-fellsattel\/","title":{"rendered":"Welchen Sattelgurt f\u00fcr meinen Fellsattel?"},"content":{"rendered":"<p><a href=\"https:\/\/www.pa-do.de\/Lammfellsattel\/Christ-Lammfell-Fellsattel-Iberica-Plus-mit-Verbundschaumeinlagen-1013.html\" target=\"_blank\" rel=\"noopener noreferrer\"><img loading=\"lazy\" decoding=\"async\" class=\"alignright wp-image-434 size-medium\" title=\"6323262\" src=\"https:\/\/www.pa-do.de\/blog\/wp-content\/uploads\/2012\/10\/63232622-300x200.jpg\" alt=\"Fellsattel Iberica Flus natur\" width=\"300\" height=\"200\" srcset=\"https:\/\/www.pa-do.de\/blog\/wp-content\/uploads\/2012\/10\/63232622-300x200.jpg 300w, https:\/\/www.pa-do.de\/blog\/wp-content\/uploads\/2012\/10\/63232622.jpg 600w\" sizes=\"auto, (max-width: 300px) 100vw, 300px\" \/><\/a>Hier finden Sie eine \u00dcbersicht f\u00fcr die Wahl des richtigen Sattelgurtes f\u00fcr Ihren Lammfellsattel: <a href=\"https:\/\/www.pa-do.de\/Lammfellsattel\/Christ-Fellsattel-Basic-Plus-mit-Verbundschaumeinlagen.html\">Basic Plus<\/a>,\u00a0<a href=\"https:\/\/www.pa-do.de\/Lammfellsattel\/Christ-Fellsattel-Premium-Plus-mit-Verbundschaumeinlagen.html\">Premium Plus<\/a> und<a title=\"Fellsattel Iberica natur WB\" href=\"https:\/\/www.pa-do.de\/Lammfellsattel\/Christ-Lammfell-Fellsattel-Iberica-Plus-mit-Verbundschaumeinlagen-1013.html\"> Iberica Plus<\/a>. Messen Sie den Umfang ihres Pferdes in der Gurtlage und ziehen jeweils die L\u00e4nge ab.<\/p>\n<table border=\"0\" width=\"348\" cellspacing=\"0\" cellpadding=\"0\">\n<colgroup>\n<col width=\"57\" \/>\n<col width=\"162\" \/>\n<col width=\"56\" \/>\n<col width=\"73\" \/><\/colgroup>\n<tbody>\n<tr>\n<td width=\"57\" height=\"17\"><\/td>\n<td width=\"162\"><\/td>\n<td width=\"56\"><\/td>\n<td width=\"73\">Gurtl\u00e4nge<\/td>\n<\/tr>\n<tr>\n<td height=\"17\">Modell<\/td>\n<td>Bezeichnung<\/td>\n<td>Gr\u00f6\u00dfe<\/td>\n<td>(c &#8211; d)<\/td>\n<\/tr>\n<tr>\n<td align=\"right\" height=\"17\">6300<\/td>\n<td>Fellsattel Basic<\/td>\n<td>WB<\/td>\n<td>\u00a0X &#8211; 140cm<\/td>\n<\/tr>\n<tr>\n<td align=\"right\" height=\"17\">6300<\/td>\n<td>Fellsattel Basic<\/td>\n<td>PO<\/td>\n<td>\u00a0X &#8211; 130cm<\/td>\n<\/tr>\n<tr>\n<td align=\"right\" height=\"17\">6300<\/td>\n<td>Fellsattel Basic<\/td>\n<td>SH<\/td>\n<td>\u00a0X &#8211; 104cm<\/td>\n<\/tr>\n<tr>\n<td align=\"right\" height=\"17\">6301<\/td>\n<td>Fellsattel Basic Plus<\/td>\n<td>WB<\/td>\n<td>\u00a0X &#8211; 140cm<\/td>\n<\/tr>\n<tr>\n<td align=\"right\" height=\"17\">6301<\/td>\n<td>Fellsattel Basic Plus<\/td>\n<td>PO<\/td>\n<td>\u00a0X &#8211; 130cm<\/td>\n<\/tr>\n<tr>\n<td align=\"right\" height=\"17\">6302<\/td>\n<td>Fellsattel Premium<\/td>\n<td>WB<\/td>\n<td>\u00a0X &#8211; 140cm<\/td>\n<\/tr>\n<tr>\n<td align=\"right\" height=\"17\">6302<\/td>\n<td>Fellsattel Premium<\/td>\n<td>PO<\/td>\n<td>\u00a0X &#8211; 130cm<\/td>\n<\/tr>\n<tr>\n<td align=\"right\" height=\"17\">6303<\/td>\n<td>Fellsattel Premium Plus<\/td>\n<td>WB<\/td>\n<td>\u00a0X &#8211; 140cm<\/td>\n<\/tr>\n<tr>\n<td align=\"right\" height=\"17\">6303<\/td>\n<td>Fellsattel Premium Plus<\/td>\n<td>PO<\/td>\n<td>\u00a0X &#8211; 130cm<\/td>\n<\/tr>\n<tr>\n<td align=\"right\" height=\"17\">6323<\/td>\n<td>Fellsattel Iberica Plus<\/td>\n<td>WB<\/td>\n<td>\u00a0X &#8211; 123cm<\/td>\n<\/tr>\n<tr>\n<td align=\"right\" height=\"17\">6323<\/td>\n<td>Fellsattel Iberica Plus<\/td>\n<td>PO<\/td>\n<td>\u00a0X &#8211; 113cmx<\/td>\n<\/tr>\n<\/tbody>\n<\/table>\n","protected":false},"excerpt":{"rendered":"<p>Hier finden Sie eine \u00dcbersicht f\u00fcr die Wahl des richtigen Sattelgurtes f\u00fcr Ihren Lammfellsattel: Basic Plus,\u00a0Premium Plus und Iberica Plus. Messen Sie den Umfang ihres Pferdes in der Gurtlage und ziehen jeweils die L\u00e4nge ab. Gurtl\u00e4nge Modell Bezeichnung Gr\u00f6\u00dfe (c &hellip; <a href=\"https:\/\/www.pa-do.de\/blog\/welchen-sattelgurt-fur-meinen-fellsattel\/\">Weiterlesen <span class=\"meta-nav\">&rarr;<\/span><\/a><\/p>\n","protected":false},"author":1,"featured_media":0,"comment_status":"closed","ping_status":"closed","sticky":false,"template":"","format":"standard","meta":{"om_disable_all_campaigns":false,"_monsterinsights_skip_tracking":false,"_monsterinsights_sitenote_active":false,"_monsterinsights_sitenote_note":"","_monsterinsights_sitenote_category":0,"footnotes":""},"categories":[13,1],"tags":[],"class_list":["post-430","post","type-post","status-publish","format-standard","hentry","category-lammfellsattel","category-www-pa-do-de"],"aioseo_notices":[],"_links":{"self":[{"href":"https:\/\/www.pa-do.de\/blog\/wp-json\/wp\/v2\/posts\/430","targetHints":{"allow":["GET"]}}],"collection":[{"href":"https:\/\/www.pa-do.de\/blog\/wp-json\/wp\/v2\/posts"}],"about":[{"href":"https:\/\/www.pa-do.de\/blog\/wp-json\/wp\/v2\/types\/post"}],"author":[{"embeddable":true,"href":"https:\/\/www.pa-do.de\/blog\/wp-json\/wp\/v2\/users\/1"}],"replies":[{"embeddable":true,"href":"https:\/\/www.pa-do.de\/blog\/wp-json\/wp\/v2\/comments?post=430"}],"version-history":[{"count":8,"href":"https:\/\/www.pa-do.de\/blog\/wp-json\/wp\/v2\/posts\/430\/revisions"}],"predecessor-version":[{"id":1143,"href":"https:\/\/www.pa-do.de\/blog\/wp-json\/wp\/v2\/posts\/430\/revisions\/1143"}],"wp:attachment":[{"href":"https:\/\/www.pa-do.de\/blog\/wp-json\/wp\/v2\/media?parent=430"}],"wp:term":[{"taxonomy":"category","embeddable":true,"href":"https:\/\/www.pa-do.de\/blog\/wp-json\/wp\/v2\/categories?post=430"},{"taxonomy":"post_tag","embeddable":true,"href":"https:\/\/www.pa-do.de\/blog\/wp-json\/wp\/v2\/tags?post=430"}],"curies":[{"name":"wp","href":"https:\/\/api.w.org\/{rel}","templated":true}]}}